{"id":217,"date":"2018-07-23T12:15:08","date_gmt":"2018-07-23T12:15:08","guid":{"rendered":"http:\/\/blog.alvegest.com\/?p=217"},"modified":"2019-02-01T17:10:29","modified_gmt":"2019-02-01T17:10:29","slug":"entrevista-a-manuel-jesus-fernandez-en-diario-la-verdad","status":"publish","type":"post","link":"https:\/\/www.alvegest.com\/web\/entrevista-a-manuel-jesus-fernandez-en-diario-la-verdad\/","title":{"rendered":"Entrevista a Manuel Jes\u00fas Fern\u00e1ndez en Diario La Verdad"},"content":{"rendered":"<p>Os dejamos a continuaci\u00f3n la entrevista con nuestro Director Jur\u00eddico, Manuel J. Fern\u00e1ndez, que public\u00f3 el diario La Verdad, de Murcia, el pasado d\u00eda 24 de Junio.<\/p>\n<p>Se puede ver accediendo al siguiente link:<\/p>\n<p><a title=\"entrevista completa Manuel J. Fern\u00e1ndez\" href=\"https:\/\/www.alvegest.com\/imagenes\/noticias\/20187171942492018%2006%20cuaderno%20COMUNIDADES%20la%20verdad%20entrevista%20manolo.pdf\">https:\/\/www.alvegest.com\/imagenes\/noticias\/20187171942492018%2006%20cuaderno%20COMUNIDADES%20la%20verdad%20entrevista%20manolo.pdf<\/a><\/p>\n","protected":false},"excerpt":{"rendered":"<p>Os dejamos a continuaci\u00f3n la entrevista con nuestro Director Jur\u00eddico, Manuel J. Fern\u00e1ndez, que public\u00f3 el diario La Verdad, de Murcia, el pasado d\u00eda 24 de Junio. Se puede ver accediendo al siguiente link: https:\/\/www.alvegest.com\/imagenes\/noticias\/20187171942492018%2006%20cuaderno%20COMUNIDADES%20la%20verdad%20entrevista%20manolo.pdf<\/p>\n","protected":false},"author":2,"featured_media":1162,"comment_status":"open","ping_status":"open","sticky":false,"template":"","format":"standard","meta":{"footnotes":""},"categories":[11,12,1],"tags":[15,36,94,17,20,95,87],"_links":{"self":[{"href":"https:\/\/www.alvegest.com\/web\/wp-json\/wp\/v2\/posts\/217"}],"collection":[{"href":"https:\/\/www.alvegest.com\/web\/wp-json\/wp\/v2\/posts"}],"about":[{"href":"https:\/\/www.alvegest.com\/web\/wp-json\/wp\/v2\/types\/post"}],"author":[{"embeddable":true,"href":"https:\/\/www.alvegest.com\/web\/wp-json\/wp\/v2\/users\/2"}],"replies":[{"embeddable":true,"href":"https:\/\/www.alvegest.com\/web\/wp-json\/wp\/v2\/comments?post=217"}],"version-history":[{"count":1,"href":"https:\/\/www.alvegest.com\/web\/wp-json\/wp\/v2\/posts\/217\/revisions"}],"predecessor-version":[{"id":1163,"href":"https:\/\/www.alvegest.com\/web\/wp-json\/wp\/v2\/posts\/217\/revisions\/1163"}],"wp:featuredmedia":[{"embeddable":true,"href":"https:\/\/www.alvegest.com\/web\/wp-json\/wp\/v2\/media\/1162"}],"wp:attachment":[{"href":"https:\/\/www.alvegest.com\/web\/wp-json\/wp\/v2\/media?parent=217"}],"wp:term":[{"taxonomy":"category","embeddable":true,"href":"https:\/\/www.alvegest.com\/web\/wp-json\/wp\/v2\/categories?post=217"},{"taxonomy":"post_tag","embeddable":true,"href":"https:\/\/www.alvegest.com\/web\/wp-json\/wp\/v2\/tags?post=217"}],"curies":[{"name":"wp","href":"https:\/\/api.w.org\/{rel}","templated":true}]}}