{"id":1193,"date":"2019-09-12T10:37:54","date_gmt":"2019-09-12T10:37:54","guid":{"rendered":"http:\/\/www.alvegest.com\/web\/?p=1193"},"modified":"2019-10-22T11:03:44","modified_gmt":"2019-10-22T11:03:44","slug":"como-afecta-a-las-comunidades-de-propietarios-el-2o-dividendo-digital-en-region-de-murcia","status":"publish","type":"post","link":"https:\/\/www.alvegest.com\/web\/como-afecta-a-las-comunidades-de-propietarios-el-2o-dividendo-digital-en-region-de-murcia\/","title":{"rendered":"Como afecta a las comunidades de propietarios el 2\u00ba Dividendo Digital en Regi\u00f3n de Murcia"},"content":{"rendered":"<p><u>NOTICIA INFORMATIVA SOBRE CAMBIOS EN ANTENAS EDIFICIOS<\/u><\/p>\n<p><u>FECHA MAXIMA 30-6-2020<\/u><\/p>\n<p>&nbsp;<\/p>\n<p>Como consecuencia de la aplicaci\u00f3n por parte del Ministerio de Econom\u00eda y\u00a0 Empresa de la Decisi\u00f3n (UE) 2017\/899 del Parlamento Europeo y del Consejo, de 17 de mayo de 2017, que implica la <strong>Liberalizaci\u00f3n del Segundo Dividendo Digital<\/strong>, y en aplicaci\u00f3n del Real Decreto 391\/2019, se va a proceder al\u00a0proceso de reforma de la distribuci\u00f3n del espectro radioel\u00e9ctrico. El objetivo es dejar espacio para que los servicios provenientes de la telefon\u00eda m\u00f3vil 5G ocupen unas frecuencias (694 a 790 MHz.) que hasta la fecha ven\u00edan siendo destinadas a la emisi\u00f3n de canales de TV.<\/p>\n<p>Por tanto, <strong>antes del 30 de junio de 2020,<\/strong> es obligatorio destinar los canales 49 al 60 de esa banda UHF, denominada com\u00fanmente de los 700 MHz, que actualmente usa la TDT, a los nuevos servicios de telefon\u00eda m\u00f3vil de \u00faltima generaci\u00f3n (5G) para cumplir con los acuerdos internacionales que lo establecen.<\/p>\n<p>&nbsp;<\/p>\n<p>En el \u00e1rea de<strong> Murcia Sur los canales a trasladar,<\/strong> son los siguientes:<\/p>\n<p>CANAL 59: Antena 3 Series, BeMad, Real Madrid TV.<\/p>\n<p>CANAL 55: TDP, DKiss, Ten \u00a0y CLAN TV.<\/p>\n<p>CANAL 50: Antena 3, La Sexta, Neox y Nova.<\/p>\n<p>y adem\u00e1s existen televisiones locales que tambi\u00e9n se ven afectadas como por ejemplo en el Area del Mar Menor, Molina de Segura, Lorca o Cartagena.<\/p>\n<p>&nbsp;<\/p>\n<p><strong>\u00bf En qu\u00e9 afecta a las comunidades de propietarios este cambio ?<\/strong><\/p>\n<p>Que la TDT deje de emitir por los canales del 49 al 60 implica que las cadenas de televisi\u00f3n que ahora los usan, deban empezar a emitir por nuevas frecuencias.<\/p>\n<p>&nbsp;<\/p>\n<p>Estos son los <strong>NUEVOS CANALES<\/strong> que SE REUBICAN EN EL <strong>AREA DE MURCIA SUR<\/strong>, que incluye a localidades como MURCIA, MOLINA Y MAZARRON entre otras, afectas al REPETIDOR de CARRASCOY, y que deber\u00eda empezar a emitir el pr\u00f3ximo 1 de Enero de 2020, para poder ajustar las antenas (aunque probablemente lo haga a mitad de trimestre):<\/p>\n<p><strong>CANAL 45, CANAL 35, CANAL 39\u00a0\u00a0<\/strong><\/p>\n<p>Las Televisiones Locales que comentabamos antes tendr\u00e1n que realizar los siguientes cambios:<\/p>\n<p>&#8211;\u00a0\u00a0\u00a0\u00a0\u00a0\u00a0\u00a0\u00a0\u00a0\u00a0\u00a0\u00a0\u00a0 Televisi\u00f3n Local del Mar Menor, en la actualidad emite por el canal 51 y pasar\u00e1 al canal 40 .<\/p>\n<p>&#8211;\u00a0\u00a0\u00a0\u00a0\u00a0\u00a0\u00a0\u00a0\u00a0\u00a0\u00a0\u00a0\u00a0 Televisi\u00f3n Local de Molina de Segura, en la actualidad emite por el canal 56 y pasar\u00e1 al canal 48.<\/p>\n<p>&#8211;\u00a0\u00a0\u00a0\u00a0\u00a0\u00a0\u00a0\u00a0\u00a0\u00a0\u00a0\u00a0\u00a0 Televisi\u00f3n Local de Lorca, en la actualidad emite por el canal 39 y pasar\u00e1 al canal 37.<\/p>\n<p>&#8211;\u00a0\u00a0\u00a0\u00a0\u00a0\u00a0\u00a0\u00a0\u00a0\u00a0\u00a0\u00a0\u00a0 Televisi\u00f3n Local de Cartagena, en la actualidad emite por el canal 56 y pasar\u00e1 al canal 47.<\/p>\n<p>Para realizar dicha adaptaci\u00f3n las instalaciones colectivas deben proceder a la incorporaci\u00f3n de los nuevos m\u00f3dulos amplificadores y\/o resintonizaci\u00f3n de los canales, antes del d\u00eda 30 de Junio de 2020, <strong>ya que el d\u00eda 1 de Julio se producir\u00e1 el corte de emisi\u00f3n en las frecuencias antiguas<\/strong> y por tanto dejar\u00e1n de ver dichos canales todos los Edificios con instalaci\u00f3n de antenas de televisi\u00f3n comunitaria que no hayan hecho la adaptaci\u00f3n. Una vez adaptada la instalaci\u00f3n comunitaria, <strong>el propietario deber\u00e1 sintonizar de nuevo las emisoras arriba indicadas.<\/strong><\/p>\n<p>&nbsp;<\/p>\n<p>El Ministerio ha previsto tambi\u00e9n la concesi\u00f3n de Ayudas P\u00fablicas, que deber\u00e1n solicitar las comunidades de propietarios, con aportaci\u00f3n de la documentaci\u00f3n pertinente, a trav\u00e9s de la empresa p\u00fablica Red.es, antes del 30 de Septiembre de 2020. Dichas ayudas est\u00e1n previstas para la adaptaci\u00f3n de los canales Nacionales, no incluy\u00e9ndose las que impliquen a canales Locales como actuaciones subvencionables.<\/p>\n<p>&nbsp;<\/p>\n<p>Para m\u00e1s informaci\u00f3n pueden consultar la p\u00e1gina del Ministerio de Econom\u00eda creada para este asunto <a href=\"http:\/\/www.televisiondigital.es\"><strong>www.televisiondigital.es<\/strong><\/a> y en el tel\u00e9fono 901 20 10 04 y 910 889 879.<\/p>\n","protected":false},"excerpt":{"rendered":"<p>NOTICIA INFORMATIVA SOBRE CAMBIOS EN ANTENAS EDIFICIOS FECHA MAXIMA 30-6-2020 &nbsp; Como consecuencia de la aplicaci\u00f3n por parte del Ministerio de Econom\u00eda y\u00a0 Empresa de la Decisi\u00f3n (UE) 2017\/899 del Parlamento Europeo y del Consejo, de 17 de mayo de 2017, que implica la Liberalizaci\u00f3n del Segundo Dividendo Digital, y en aplicaci\u00f3n del Real Decreto [&hellip;]<\/p>\n","protected":false},"author":2,"featured_media":1002,"comment_status":"open","ping_status":"open","sticky":false,"template":"","format":"standard","meta":{"footnotes":""},"categories":[9,11],"tags":[121,23,120,30,118,17,117,119,116],"_links":{"self":[{"href":"https:\/\/www.alvegest.com\/web\/wp-json\/wp\/v2\/posts\/1193"}],"collection":[{"href":"https:\/\/www.alvegest.com\/web\/wp-json\/wp\/v2\/posts"}],"about":[{"href":"https:\/\/www.alvegest.com\/web\/wp-json\/wp\/v2\/types\/post"}],"author":[{"embeddable":true,"href":"https:\/\/www.alvegest.com\/web\/wp-json\/wp\/v2\/users\/2"}],"replies":[{"embeddable":true,"href":"https:\/\/www.alvegest.com\/web\/wp-json\/wp\/v2\/comments?post=1193"}],"version-history":[{"count":5,"href":"https:\/\/www.alvegest.com\/web\/wp-json\/wp\/v2\/posts\/1193\/revisions"}],"predecessor-version":[{"id":1199,"href":"https:\/\/www.alvegest.com\/web\/wp-json\/wp\/v2\/posts\/1193\/revisions\/1199"}],"wp:featuredmedia":[{"embeddable":true,"href":"https:\/\/www.alvegest.com\/web\/wp-json\/wp\/v2\/media\/1002"}],"wp:attachment":[{"href":"https:\/\/www.alvegest.com\/web\/wp-json\/wp\/v2\/media?parent=1193"}],"wp:term":[{"taxonomy":"category","embeddable":true,"href":"https:\/\/www.alvegest.com\/web\/wp-json\/wp\/v2\/categories?post=1193"},{"taxonomy":"post_tag","embeddable":true,"href":"https:\/\/www.alvegest.com\/web\/wp-json\/wp\/v2\/tags?post=1193"}],"curies":[{"name":"wp","href":"https:\/\/api.w.org\/{rel}","templated":true}]}}