{"id":1179,"date":"2019-04-11T10:20:02","date_gmt":"2019-04-11T10:20:02","guid":{"rendered":"http:\/\/www.alvegest.com\/web\/?p=1179"},"modified":"2019-04-11T10:20:02","modified_gmt":"2019-04-11T10:20:02","slug":"entrevista-a-manuel-j-fernandez-en-el-diario-la-verdad-de-murcia","status":"publish","type":"post","link":"https:\/\/www.alvegest.com\/web\/entrevista-a-manuel-j-fernandez-en-el-diario-la-verdad-de-murcia\/","title":{"rendered":"Entrevista a Manuel J. Fern\u00e1ndez en el diario La Verdad de Murcia"},"content":{"rendered":"<p>El pasado domingo, 7 de abril de 2019, en la edicion impresa del peri\u00f3dico La Verdad, apareci\u00f3 la entrevista que a continuaci\u00f3n incluimos en nuestro blog.<\/p>\n<p><img loading=\"lazy\" decoding=\"async\" class=\"alignnone size-medium wp-image-1180\" src=\"https:\/\/www.alvegest.com\/web\/wp-content\/uploads\/2019\/04\/2019-04-Entrevista-Alvegest-en-La-Verdad-212x300.jpg\" alt=\"\" width=\"212\" height=\"300\" srcset=\"https:\/\/www.alvegest.com\/web\/wp-content\/uploads\/2019\/04\/2019-04-Entrevista-Alvegest-en-La-Verdad-212x300.jpg 212w, https:\/\/www.alvegest.com\/web\/wp-content\/uploads\/2019\/04\/2019-04-Entrevista-Alvegest-en-La-Verdad-768x1086.jpg 768w, https:\/\/www.alvegest.com\/web\/wp-content\/uploads\/2019\/04\/2019-04-Entrevista-Alvegest-en-La-Verdad-724x1024.jpg 724w, https:\/\/www.alvegest.com\/web\/wp-content\/uploads\/2019\/04\/2019-04-Entrevista-Alvegest-en-La-Verdad.jpg 1108w\" sizes=\"(max-width: 212px) 100vw, 212px\" \/><\/p>\n<p>Tambi\u00e9n la puedes leer aqu\u00ed, en la edici\u00f3n digital del peri\u00f3dico:<\/p>\n<p>https:\/\/www.laverdad.es\/economia-region-murcia\/clave-conocer-administrador-20190407000749-ntvo.html<\/p>\n<p>&nbsp;<\/p>\n","protected":false},"excerpt":{"rendered":"<p>El pasado domingo, 7 de abril de 2019, en la edicion impresa del peri\u00f3dico La Verdad, apareci\u00f3 la entrevista que a continuaci\u00f3n incluimos en nuestro blog. Tambi\u00e9n la puedes leer aqu\u00ed, en la edici\u00f3n digital del peri\u00f3dico: https:\/\/www.laverdad.es\/economia-region-murcia\/clave-conocer-administrador-20190407000749-ntvo.html &nbsp;<\/p>\n","protected":false},"author":2,"featured_media":0,"comment_status":"open","ping_status":"open","sticky":false,"template":"","format":"standard","meta":{"footnotes":""},"categories":[1],"tags":[101,36,23,77,32,37,39,106,20,107,34,108],"_links":{"self":[{"href":"https:\/\/www.alvegest.com\/web\/wp-json\/wp\/v2\/posts\/1179"}],"collection":[{"href":"https:\/\/www.alvegest.com\/web\/wp-json\/wp\/v2\/posts"}],"about":[{"href":"https:\/\/www.alvegest.com\/web\/wp-json\/wp\/v2\/types\/post"}],"author":[{"embeddable":true,"href":"https:\/\/www.alvegest.com\/web\/wp-json\/wp\/v2\/users\/2"}],"replies":[{"embeddable":true,"href":"https:\/\/www.alvegest.com\/web\/wp-json\/wp\/v2\/comments?post=1179"}],"version-history":[{"count":2,"href":"https:\/\/www.alvegest.com\/web\/wp-json\/wp\/v2\/posts\/1179\/revisions"}],"predecessor-version":[{"id":1182,"href":"https:\/\/www.alvegest.com\/web\/wp-json\/wp\/v2\/posts\/1179\/revisions\/1182"}],"wp:attachment":[{"href":"https:\/\/www.alvegest.com\/web\/wp-json\/wp\/v2\/media?parent=1179"}],"wp:term":[{"taxonomy":"category","embeddable":true,"href":"https:\/\/www.alvegest.com\/web\/wp-json\/wp\/v2\/categories?post=1179"},{"taxonomy":"post_tag","embeddable":true,"href":"https:\/\/www.alvegest.com\/web\/wp-json\/wp\/v2\/tags?post=1179"}],"curies":[{"name":"wp","href":"https:\/\/api.w.org\/{rel}","templated":true}]}}